{"id":8,"date":"2012-11-02T10:27:47","date_gmt":"2012-11-02T09:27:47","guid":{"rendered":"http:\/\/www.laparolede.fr\/?p=8"},"modified":"2019-04-26T22:53:25","modified_gmt":"2019-04-26T21:53:25","slug":"le-nouveau-site-de-la-cie-la-parole-de","status":"publish","type":"post","link":"http:\/\/www.laparolede.fr\/?p=8","title":{"rendered":"Bienvenue sur le site de \u00ab\u00a0La Parole de\u00a0\u00bb"},"content":{"rendered":"<p>Compagnie de th\u00e9\u00e2tre lyonnaise cr\u00e9\u00e9e en 2003 par la com\u00e9dienne et metteur en sc\u00e8ne Florence Meier la Cie \u00ab\u00a0La parole de\u00a0\u00bb cr\u00e9e des spectacles, et des rencontre<a style=\"text-decoration-line: underline;\" href=\"http:\/\/www.laparolede.fr\/wp-content\/uploads\/DSC_0346.jpg\"><img loading=\"lazy\" decoding=\"async\" class=\"wp-image-2131 size-medium alignright\" style=\"border-color: #bbbbbb; background: #eeeeee;\" src=\"http:\/\/www.laparolede.fr\/wp-content\/uploads\/DSC_0346-300x199.jpg\" alt=\"\" width=\"300\" height=\"199\" srcset=\"http:\/\/www.laparolede.fr\/wp-content\/uploads\/DSC_0346-300x199.jpg 300w, http:\/\/www.laparolede.fr\/wp-content\/uploads\/DSC_0346-768x510.jpg 768w, http:\/\/www.laparolede.fr\/wp-content\/uploads\/DSC_0346-1024x680.jpg 1024w, http:\/\/www.laparolede.fr\/wp-content\/uploads\/DSC_0346-452x300.jpg 452w\" sizes=\"auto, (max-width: 300px) 100vw, 300px\" \/><\/a>s artistiques, qui questionnent et mettent en jeu, en musique et en&nbsp; lumi\u00e8re la parole intime et le t\u00e9moignage au th\u00e9\u00e2tre. Po\u00e8mes, t\u00e9moignages, r\u00e9cits litt\u00e9raires nourrissent et peuplent ses cr\u00e9ations&nbsp;artistiques.<\/p>\n<p>&nbsp;<\/p>\n<p>La Cie propose des cr\u00e9ations artistiques, des r\u00e9sidences d&rsquo;artistes, des lectures spectacles, des siestes musicales, des soir\u00e9es po\u00e9sies, des ateliers de pratique artistique dans diff\u00e9rents lieux publiques ou priv\u00e9s.<\/p>\n<p><a href=\"http:\/\/www.laparolede.fr\/wp-content\/uploads\/10_Renaud-1.jpg\"><img loading=\"lazy\" decoding=\"async\" class=\"alignnone wp-image-2012 size-medium\" src=\"http:\/\/www.laparolede.fr\/wp-content\/uploads\/10_Renaud-1-300x174.jpg\" alt=\"\" width=\"300\" height=\"174\" srcset=\"http:\/\/www.laparolede.fr\/wp-content\/uploads\/10_Renaud-1-300x174.jpg 300w, http:\/\/www.laparolede.fr\/wp-content\/uploads\/10_Renaud-1-768x445.jpg 768w, http:\/\/www.laparolede.fr\/wp-content\/uploads\/10_Renaud-1-1024x594.jpg 1024w, http:\/\/www.laparolede.fr\/wp-content\/uploads\/10_Renaud-1-500x290.jpg 500w\" sizes=\"auto, (max-width: 300px) 100vw, 300px\" \/><\/a><\/p>\n<p>La Cie est une \u00e9quipe d&rsquo;artistes professionnels pluridisciplinaires (th\u00e9\u00e2tre, musique et danse) qui travaille en partenariat avec des lieux et institutions culturels, des associations, des \u00e9tablissements scolaires, des r\u00e9sidences de personnes \u00e2g\u00e9es, des h\u00f4pitaux.<\/p>\n<p><a href=\"http:\/\/www.laparolede.fr\/wp-content\/uploads\/DSC_1756-Copie.jpg\"><img loading=\"lazy\" decoding=\"async\" class=\"wp-image-320 size-medium alignright\" src=\"http:\/\/www.laparolede.fr\/wp-content\/uploads\/DSC_1756-Copie-263x300.jpg\" alt=\"\" width=\"263\" height=\"300\" srcset=\"http:\/\/www.laparolede.fr\/wp-content\/uploads\/DSC_1756-Copie-263x300.jpg 263w, http:\/\/www.laparolede.fr\/wp-content\/uploads\/DSC_1756-Copie.jpg 480w\" sizes=\"auto, (max-width: 263px) 100vw, 263px\" \/><\/a><\/p>\n<p>&nbsp;<\/p>\n<p>&nbsp;<\/p>\n<p>&nbsp;<\/p>\n<p>Vous trouverez sur ce site une pr\u00e9sentation des cr\u00e9ations r\u00e9alis\u00e9es et des diff\u00e9rents projets men\u00e9s avec des photos et des teasers des cr\u00e9ations.<\/p>\n<p>&nbsp;<\/p>\n<p><a href=\"http:\/\/www.laparolede.fr\/wp-content\/uploads\/lect-33.jpeg\"><img loading=\"lazy\" decoding=\"async\" class=\"alignnone wp-image-2107 size-medium\" src=\"http:\/\/www.laparolede.fr\/wp-content\/uploads\/lect-33-300x225.jpeg\" alt=\"\" width=\"300\" height=\"225\" srcset=\"http:\/\/www.laparolede.fr\/wp-content\/uploads\/lect-33-300x225.jpeg 300w, http:\/\/www.laparolede.fr\/wp-content\/uploads\/lect-33-400x300.jpeg 400w, http:\/\/www.laparolede.fr\/wp-content\/uploads\/lect-33.jpeg 640w\" sizes=\"auto, (max-width: 300px) 100vw, 300px\" \/><\/a><a href=\"http:\/\/www.laparolede.fr\/wp-content\/uploads\/IMG_20151116_123419.jpg\"><img loading=\"lazy\" decoding=\"async\" class=\"alignnone wp-image-1290 size-medium\" src=\"http:\/\/www.laparolede.fr\/wp-content\/uploads\/IMG_20151116_123419-180x300.jpg\" alt=\"\" width=\"180\" height=\"300\" srcset=\"http:\/\/www.laparolede.fr\/wp-content\/uploads\/IMG_20151116_123419-180x300.jpg 180w, http:\/\/www.laparolede.fr\/wp-content\/uploads\/IMG_20151116_123419-614x1024.jpg 614w, http:\/\/www.laparolede.fr\/wp-content\/uploads\/IMG_20151116_123419.jpg 1392w\" sizes=\"auto, (max-width: 180px) 100vw, 180px\" \/><\/a><\/p>\n<p>&nbsp;<\/p>\n<p><span style=\"font-weight: 300;\">Vous pouvez suivre l&rsquo;actualit\u00e9 de la Cie en regardant la page \u00ab\u00a0Actualit\u00e9\u00a0\u00bb&nbsp; &nbsp;<\/span><span style=\"font-weight: 300;\">et \u00ab\u00a0Prochaines dates\u00a0\u00bb<\/span><\/p>\n<p><a href=\"http:\/\/www.laparolede.fr\/wp-content\/uploads\/DSC026033.jpg\"><img loading=\"lazy\" decoding=\"async\" class=\"alignnone wp-image-676 size-medium\" src=\"http:\/\/www.laparolede.fr\/wp-content\/uploads\/DSC026033-300x265.jpg\" alt=\"\" width=\"300\" height=\"265\" srcset=\"http:\/\/www.laparolede.fr\/wp-content\/uploads\/DSC026033-300x265.jpg 300w, http:\/\/www.laparolede.fr\/wp-content\/uploads\/DSC026033-339x300.jpg 339w, http:\/\/www.laparolede.fr\/wp-content\/uploads\/DSC026033.jpg 425w\" sizes=\"auto, (max-width: 300px) 100vw, 300px\" \/><\/a><a href=\"http:\/\/www.laparolede.fr\/wp-content\/uploads\/DSC_1729.jpg\"><img loading=\"lazy\" decoding=\"async\" class=\"alignnone wp-image-318 size-medium\" src=\"http:\/\/www.laparolede.fr\/wp-content\/uploads\/DSC_1729-239x300.jpg\" alt=\"\" width=\"239\" height=\"300\" srcset=\"http:\/\/www.laparolede.fr\/wp-content\/uploads\/DSC_1729-239x300.jpg 239w, http:\/\/www.laparolede.fr\/wp-content\/uploads\/DSC_1729.jpg 480w\" sizes=\"auto, (max-width: 239px) 100vw, 239px\" \/><\/a><\/p>\n","protected":false},"excerpt":{"rendered":"<p>Compagnie de th\u00e9\u00e2tre lyonnaise cr\u00e9\u00e9e en 2003 par la com\u00e9dienne et metteur en sc\u00e8ne Florence Meier la Cie \u00ab\u00a0La parole de\u00a0\u00bb cr\u00e9e des spectacles, et des rencontres artistiques, qui questionnent et mettent en jeu, en musique et en&nbsp; lumi\u00e8re la &hellip; <a href=\"http:\/\/www.laparolede.fr\/?p=8\">Continuer la lecture <span class=\"meta-nav\">&rarr;<\/span><\/a><\/p>\n","protected":false},"author":1,"featured_media":0,"comment_status":"closed","ping_status":"closed","sticky":false,"template":"","format":"standard","meta":{"ngg_post_thumbnail":0,"_jetpack_memberships_contains_paid_content":false,"footnotes":""},"categories":[1],"tags":[],"class_list":["post-8","post","type-post","status-publish","format-standard","hentry","category-non-classe"],"jetpack_featured_media_url":"","jetpack_sharing_enabled":true,"_links":{"self":[{"href":"http:\/\/www.laparolede.fr\/index.php?rest_route=\/wp\/v2\/posts\/8","targetHints":{"allow":["GET"]}}],"collection":[{"href":"http:\/\/www.laparolede.fr\/index.php?rest_route=\/wp\/v2\/posts"}],"about":[{"href":"http:\/\/www.laparolede.fr\/index.php?rest_route=\/wp\/v2\/types\/post"}],"author":[{"embeddable":true,"href":"http:\/\/www.laparolede.fr\/index.php?rest_route=\/wp\/v2\/users\/1"}],"replies":[{"embeddable":true,"href":"http:\/\/www.laparolede.fr\/index.php?rest_route=%2Fwp%2Fv2%2Fcomments&post=8"}],"version-history":[{"count":44,"href":"http:\/\/www.laparolede.fr\/index.php?rest_route=\/wp\/v2\/posts\/8\/revisions"}],"predecessor-version":[{"id":2134,"href":"http:\/\/www.laparolede.fr\/index.php?rest_route=\/wp\/v2\/posts\/8\/revisions\/2134"}],"wp:attachment":[{"href":"http:\/\/www.laparolede.fr\/index.php?rest_route=%2Fwp%2Fv2%2Fmedia&parent=8"}],"wp:term":[{"taxonomy":"category","embeddable":true,"href":"http:\/\/www.laparolede.fr\/index.php?rest_route=%2Fwp%2Fv2%2Fcategories&post=8"},{"taxonomy":"post_tag","embeddable":true,"href":"http:\/\/www.laparolede.fr\/index.php?rest_route=%2Fwp%2Fv2%2Ftags&post=8"}],"curies":[{"name":"wp","href":"https:\/\/api.w.org\/{rel}","templated":true}]}}